{"id":287,"date":"2021-11-17T16:36:04","date_gmt":"2021-11-17T19:36:04","guid":{"rendered":"https:\/\/segurancahumana.com.br\/?p=287"},"modified":"2023-07-19T16:22:34","modified_gmt":"2023-07-19T19:22:34","slug":"realizacao-do-forum-na-argentina-sobre-a-corrupcao-na-america-latina-2017","status":"publish","type":"post","link":"https:\/\/segurancahumana.com.br\/?p=287","title":{"rendered":"Realiza\u00e7\u00e3o do F\u00f3rum na Argentina Sobre a Corrup\u00e7\u00e3o na Am\u00e9rica Latina &#8211; 2017"},"content":{"rendered":"\n<p class=\"has-text-align-justify\">O Instituto Seguran\u00e7a Humana para Am\u00e9rica Latina e Caribe- ISHALC e o Comit\u00ea Permanente da Am\u00e9rica Latina para Preven\u00e7\u00e3o do Crime &#8211; COPLAD, programa do Instituto Latino Americano das Na\u00e7\u00f5es Unidas para Preven\u00e7\u00e3o do Crime e Tratamento do Delinquente, realizaram em novembro de 2017, o F\u00f3rum Internacional &#8211; A Corrup\u00e7\u00e3o na Am\u00e9rica Latina, na cidade de  Buenos Aires, Argentina, com a presen\u00e7a do Juiz da Corte Interamericana dos Direitos Humanos, Dr. Ra\u00fal Zaffaroni, o Ministro do Supremo Tribunal Federal Dr. Roberto Barroso, o Diretor do ILANUD, Professor Elias Carranza, Embaixador da \u00c1ustria em Portugal, Dr. Thomas Stelzer, e autoridades da Argentina e do Brasil.<\/p>\n\n\n\n<p class=\"has-text-align-justify\" id=\"forum-em-Buenos-Aires,-Argentina-analisa-a-corrup\u00e7\u00e3o-na-Am\u00e9rica-Latina-ISHALC---ILANUD\">O objetivo do f\u00f3rum foi diagnosticar os impactos da corrup\u00e7\u00e3o na Am\u00e9rica Latina e as perspectivas do combate, visto que dos 19 pa\u00edses Latino Americano, a maioria enfrenta s\u00e9rios problemas com o narcotr\u00e1fico, lavagem de dinheiro e corrup\u00e7\u00e3o.<\/p>\n\n\n\n<p class=\"has-text-align-justify\">O f\u00f3rum objetivou a realiza\u00e7\u00e3o do col\u00f3quio preparat\u00f3rio para o F\u00f3rum Internacional &#8211; A Seguran\u00e7a Humana na Am\u00e9rica Latina que ocorreu em 2018.  <\/p>\n\n\n\n<p><\/p>\n","protected":false},"excerpt":{"rendered":"<p>O Instituto Seguran\u00e7a Humana para Am\u00e9rica Latina e Caribe- ISHALC e o Comit\u00ea Permanente da Am\u00e9rica Latina para Preven\u00e7\u00e3o do Crime &#8211; COPLAD, programa do Instituto Latino Americano das Na\u00e7\u00f5es Unidas para Preven\u00e7\u00e3o do Crime e Tratamento do Delinquente, realizaram em novembro de 2017, o F\u00f3rum Internacional &#8211; A Corrup\u00e7\u00e3o na Am\u00e9rica Latina, na cidade [&hellip;]<\/p>\n","protected":false},"author":1,"featured_media":288,"comment_status":"closed","ping_status":"open","sticky":false,"template":"","format":"standard","meta":{"_editorskit_title_hidden":false,"_editorskit_reading_time":0,"_editorskit_is_block_options_detached":false,"_editorskit_block_options_position":"{}","footnotes":""},"categories":[3],"tags":[26,25,6,5],"class_list":["post-287","post","type-post","status-publish","format-standard","has-post-thumbnail","hentry","category-ishalc","tag-coplad","tag-corrupcao","tag-ishalc","tag-segurancahumana"],"_links":{"self":[{"href":"https:\/\/segurancahumana.com.br\/index.php?rest_route=\/wp\/v2\/posts\/287","targetHints":{"allow":["GET"]}}],"collection":[{"href":"https:\/\/segurancahumana.com.br\/index.php?rest_route=\/wp\/v2\/posts"}],"about":[{"href":"https:\/\/segurancahumana.com.br\/index.php?rest_route=\/wp\/v2\/types\/post"}],"author":[{"embeddable":true,"href":"https:\/\/segurancahumana.com.br\/index.php?rest_route=\/wp\/v2\/users\/1"}],"replies":[{"embeddable":true,"href":"https:\/\/segurancahumana.com.br\/index.php?rest_route=%2Fwp%2Fv2%2Fcomments&post=287"}],"version-history":[{"count":3,"href":"https:\/\/segurancahumana.com.br\/index.php?rest_route=\/wp\/v2\/posts\/287\/revisions"}],"predecessor-version":[{"id":694,"href":"https:\/\/segurancahumana.com.br\/index.php?rest_route=\/wp\/v2\/posts\/287\/revisions\/694"}],"wp:featuredmedia":[{"embeddable":true,"href":"https:\/\/segurancahumana.com.br\/index.php?rest_route=\/wp\/v2\/media\/288"}],"wp:attachment":[{"href":"https:\/\/segurancahumana.com.br\/index.php?rest_route=%2Fwp%2Fv2%2Fmedia&parent=287"}],"wp:term":[{"taxonomy":"category","embeddable":true,"href":"https:\/\/segurancahumana.com.br\/index.php?rest_route=%2Fwp%2Fv2%2Fcategories&post=287"},{"taxonomy":"post_tag","embeddable":true,"href":"https:\/\/segurancahumana.com.br\/index.php?rest_route=%2Fwp%2Fv2%2Ftags&post=287"}],"curies":[{"name":"wp","href":"https:\/\/api.w.org\/{rel}","templated":true}]}}