{"id":189,"date":"2021-11-13T23:27:10","date_gmt":"2021-11-14T02:27:10","guid":{"rendered":"https:\/\/segurancahumana.com.br\/?p=189"},"modified":"2023-07-19T16:21:23","modified_gmt":"2023-07-19T19:21:23","slug":"o-ishalc-inova-com-a-primeira-estacao-movel-para-acoes-de-solidariedade","status":"publish","type":"post","link":"https:\/\/segurancahumana.com.br\/?p=189","title":{"rendered":"O ISHALC Inova com a Primeira Esta\u00e7\u00e3o M\u00f3vel Para A\u00e7\u00f5es de Solidariedade"},"content":{"rendered":"\n<p class=\"has-text-align-justify\" id=\"ishalc-inova-com-a-primeira-esta\u00e7\u00e3o-movel-para-a\u00e7\u00f5es-de-solidariedade\">O ISHALC continua estruturando os pilares da Seguran\u00e7a Humana, desta vez com a esta\u00e7\u00e3o m\u00f3vel para a\u00e7\u00f5es de solidariedade nos pilares da seguran\u00e7a humana alimentar, sa\u00fade, cidad\u00e3, comunit\u00e1ria e ambiental.  <\/p>\n","protected":false},"excerpt":{"rendered":"<p>O ISHALC continua estruturando os pilares da Seguran\u00e7a Humana, desta vez com a esta\u00e7\u00e3o m\u00f3vel para a\u00e7\u00f5es de solidariedade nos pilares da seguran\u00e7a humana alimentar, sa\u00fade, cidad\u00e3, comunit\u00e1ria e ambiental.<\/p>\n","protected":false},"author":1,"featured_media":66,"comment_status":"open","ping_status":"open","sticky":false,"template":"","format":"standard","meta":{"_editorskit_title_hidden":false,"_editorskit_reading_time":0,"_editorskit_is_block_options_detached":false,"_editorskit_block_options_position":"{}","footnotes":""},"categories":[3],"tags":[6,5],"class_list":["post-189","post","type-post","status-publish","format-standard","has-post-thumbnail","hentry","category-ishalc","tag-ishalc","tag-segurancahumana"],"_links":{"self":[{"href":"https:\/\/segurancahumana.com.br\/index.php?rest_route=\/wp\/v2\/posts\/189","targetHints":{"allow":["GET"]}}],"collection":[{"href":"https:\/\/segurancahumana.com.br\/index.php?rest_route=\/wp\/v2\/posts"}],"about":[{"href":"https:\/\/segurancahumana.com.br\/index.php?rest_route=\/wp\/v2\/types\/post"}],"author":[{"embeddable":true,"href":"https:\/\/segurancahumana.com.br\/index.php?rest_route=\/wp\/v2\/users\/1"}],"replies":[{"embeddable":true,"href":"https:\/\/segurancahumana.com.br\/index.php?rest_route=%2Fwp%2Fv2%2Fcomments&post=189"}],"version-history":[{"count":4,"href":"https:\/\/segurancahumana.com.br\/index.php?rest_route=\/wp\/v2\/posts\/189\/revisions"}],"predecessor-version":[{"id":689,"href":"https:\/\/segurancahumana.com.br\/index.php?rest_route=\/wp\/v2\/posts\/189\/revisions\/689"}],"wp:featuredmedia":[{"embeddable":true,"href":"https:\/\/segurancahumana.com.br\/index.php?rest_route=\/wp\/v2\/media\/66"}],"wp:attachment":[{"href":"https:\/\/segurancahumana.com.br\/index.php?rest_route=%2Fwp%2Fv2%2Fmedia&parent=189"}],"wp:term":[{"taxonomy":"category","embeddable":true,"href":"https:\/\/segurancahumana.com.br\/index.php?rest_route=%2Fwp%2Fv2%2Fcategories&post=189"},{"taxonomy":"post_tag","embeddable":true,"href":"https:\/\/segurancahumana.com.br\/index.php?rest_route=%2Fwp%2Fv2%2Ftags&post=189"}],"curies":[{"name":"wp","href":"https:\/\/api.w.org\/{rel}","templated":true}]}}