{"id":186,"date":"2021-11-13T23:22:03","date_gmt":"2021-11-14T02:22:03","guid":{"rendered":"https:\/\/segurancahumana.com.br\/?p=186"},"modified":"2023-04-28T09:59:23","modified_gmt":"2023-04-28T12:59:23","slug":"inauguracao-da-chancelaria-do-instituto-de-seguranca-humana-para-america-latina-e-caribe-ishalc-2020","status":"publish","type":"post","link":"https:\/\/segurancahumana.com.br\/?p=186","title":{"rendered":"Inaugura\u00e7\u00e3o da Chancelaria do Instituto de Seguran\u00e7a Humana para Am\u00e9rica Latina e Caribe &#8211; ISHALC &#8211; 2020"},"content":{"rendered":"\n<p class=\"has-text-align-justify\" id=\"inaugura\u00e7\u00e3o-da-chancelaria-do-Instituto-de-seguran\u00e7a-humana-para-america-latina-e-caribe-ishalc\">O Instituto de Seguran\u00e7a Humana para Am\u00e9rica Latina e Caribe &#8211; ISHALC, em 17 de mar\u00e7o de 2020, com a presen\u00e7a do Embaixador da \u00c1ustria e Reitor da Academia Internacional Anticorrup\u00e7\u00e3o &#8211; IACA, Professor Thomas Stelzer, e com a mensagem do Assessor Especial da Seguran\u00e7a Humana do Secret\u00e1rio Geral das Na\u00e7\u00f5es Unidas, Professor Yukio Takasu, e outras autoridades presentes, inaugurou a sede do ISHALC em S\u00e3o Paulo, sendo que at\u00e9 2030 mais 10 sucursais ser\u00e3o inauguradas na Am\u00e9rica Latina e Caribe para implementar a Seguran\u00e7a Humana.  <\/p>\n","protected":false},"excerpt":{"rendered":"<p>O Instituto de Seguran\u00e7a Humana para Am\u00e9rica Latina e Caribe &#8211; ISHALC, em 17 de mar\u00e7o de 2020, com a presen\u00e7a do Embaixador da \u00c1ustria e Reitor da Academia Internacional Anticorrup\u00e7\u00e3o &#8211; IACA, Professor Thomas Stelzer, e com a mensagem do Assessor Especial da Seguran\u00e7a Humana do Secret\u00e1rio Geral das Na\u00e7\u00f5es Unidas, Professor Yukio Takasu, [&hellip;]<\/p>\n","protected":false},"author":1,"featured_media":154,"comment_status":"open","ping_status":"open","sticky":false,"template":"","format":"standard","meta":{"_editorskit_title_hidden":false,"_editorskit_reading_time":0,"_editorskit_is_block_options_detached":false,"_editorskit_block_options_position":"{}","footnotes":""},"categories":[3],"tags":[17,27,6,5],"class_list":["post-186","post","type-post","status-publish","format-standard","has-post-thumbnail","hentry","category-ishalc","tag-faculdadesegurancahumana","tag-iaca","tag-ishalc","tag-segurancahumana"],"_links":{"self":[{"href":"https:\/\/segurancahumana.com.br\/index.php?rest_route=\/wp\/v2\/posts\/186","targetHints":{"allow":["GET"]}}],"collection":[{"href":"https:\/\/segurancahumana.com.br\/index.php?rest_route=\/wp\/v2\/posts"}],"about":[{"href":"https:\/\/segurancahumana.com.br\/index.php?rest_route=\/wp\/v2\/types\/post"}],"author":[{"embeddable":true,"href":"https:\/\/segurancahumana.com.br\/index.php?rest_route=\/wp\/v2\/users\/1"}],"replies":[{"embeddable":true,"href":"https:\/\/segurancahumana.com.br\/index.php?rest_route=%2Fwp%2Fv2%2Fcomments&post=186"}],"version-history":[{"count":3,"href":"https:\/\/segurancahumana.com.br\/index.php?rest_route=\/wp\/v2\/posts\/186\/revisions"}],"predecessor-version":[{"id":527,"href":"https:\/\/segurancahumana.com.br\/index.php?rest_route=\/wp\/v2\/posts\/186\/revisions\/527"}],"wp:featuredmedia":[{"embeddable":true,"href":"https:\/\/segurancahumana.com.br\/index.php?rest_route=\/wp\/v2\/media\/154"}],"wp:attachment":[{"href":"https:\/\/segurancahumana.com.br\/index.php?rest_route=%2Fwp%2Fv2%2Fmedia&parent=186"}],"wp:term":[{"taxonomy":"category","embeddable":true,"href":"https:\/\/segurancahumana.com.br\/index.php?rest_route=%2Fwp%2Fv2%2Fcategories&post=186"},{"taxonomy":"post_tag","embeddable":true,"href":"https:\/\/segurancahumana.com.br\/index.php?rest_route=%2Fwp%2Fv2%2Ftags&post=186"}],"curies":[{"name":"wp","href":"https:\/\/api.w.org\/{rel}","templated":true}]}}