{"id":180,"date":"2021-11-13T23:16:10","date_gmt":"2021-11-14T02:16:10","guid":{"rendered":"https:\/\/segurancahumana.com.br\/?p=180"},"modified":"2023-04-28T10:00:03","modified_gmt":"2023-04-28T13:00:03","slug":"forum-internacional-a-seguranca-humana-na-america-latina-2018","status":"publish","type":"post","link":"https:\/\/segurancahumana.com.br\/?p=180","title":{"rendered":"F\u00f3rum Internacional &#8211; A Seguran\u00e7a Humana na Am\u00e9rica Latina &#8211; 2018"},"content":{"rendered":"\n<p class=\"has-text-align-justify\" id=\"forum-internacional-a-seguran\u00e7a-humana-na-america-latina\">O ISHALC, representador pelo diretor presidente Eduardo Leite, juntamente o ILANUD &#8211; Instituto Latinoamericano das Na\u00e7\u00f5es Unidas para Preven\u00e7\u00e3o do Crime e Tratamento do Delinquente, com a presen\u00e7a do Diretor Elias Carranza e o Assessor Especial do Secret\u00e1rio Geral das Na\u00e7\u00f5es Unidas, Professor Yukio Takasu, Ministro do Supremo Tribunal Federal Roberto Barroso, o Juiz da Corte Interamericana de Direitos Humanos Professor Ra\u00fal Zaffaroni, Embaixador da \u00c1ustria Thomas Stelser, Coordenador do COPLAD Professor Edmundo Oliveira, dentre outras autoridades.   <\/p>\n","protected":false},"excerpt":{"rendered":"<p>O ISHALC, representador pelo diretor presidente Eduardo Leite, juntamente o ILANUD &#8211; Instituto Latinoamericano das Na\u00e7\u00f5es Unidas para Preven\u00e7\u00e3o do Crime e Tratamento do Delinquente, com a presen\u00e7a do Diretor Elias Carranza e o Assessor Especial do Secret\u00e1rio Geral das Na\u00e7\u00f5es Unidas, Professor Yukio Takasu, Ministro do Supremo Tribunal Federal Roberto Barroso, o Juiz da [&hellip;]<\/p>\n","protected":false},"author":1,"featured_media":78,"comment_status":"open","ping_status":"open","sticky":false,"template":"","format":"standard","meta":{"_editorskit_title_hidden":false,"_editorskit_reading_time":0,"_editorskit_is_block_options_detached":false,"_editorskit_block_options_position":"{}","footnotes":""},"categories":[3],"tags":[26,28,6,5],"class_list":["post-180","post","type-post","status-publish","format-standard","has-post-thumbnail","hentry","category-ishalc","tag-coplad","tag-ilanud","tag-ishalc","tag-segurancahumana"],"_links":{"self":[{"href":"https:\/\/segurancahumana.com.br\/index.php?rest_route=\/wp\/v2\/posts\/180","targetHints":{"allow":["GET"]}}],"collection":[{"href":"https:\/\/segurancahumana.com.br\/index.php?rest_route=\/wp\/v2\/posts"}],"about":[{"href":"https:\/\/segurancahumana.com.br\/index.php?rest_route=\/wp\/v2\/types\/post"}],"author":[{"embeddable":true,"href":"https:\/\/segurancahumana.com.br\/index.php?rest_route=\/wp\/v2\/users\/1"}],"replies":[{"embeddable":true,"href":"https:\/\/segurancahumana.com.br\/index.php?rest_route=%2Fwp%2Fv2%2Fcomments&post=180"}],"version-history":[{"count":3,"href":"https:\/\/segurancahumana.com.br\/index.php?rest_route=\/wp\/v2\/posts\/180\/revisions"}],"predecessor-version":[{"id":512,"href":"https:\/\/segurancahumana.com.br\/index.php?rest_route=\/wp\/v2\/posts\/180\/revisions\/512"}],"wp:featuredmedia":[{"embeddable":true,"href":"https:\/\/segurancahumana.com.br\/index.php?rest_route=\/wp\/v2\/media\/78"}],"wp:attachment":[{"href":"https:\/\/segurancahumana.com.br\/index.php?rest_route=%2Fwp%2Fv2%2Fmedia&parent=180"}],"wp:term":[{"taxonomy":"category","embeddable":true,"href":"https:\/\/segurancahumana.com.br\/index.php?rest_route=%2Fwp%2Fv2%2Fcategories&post=180"},{"taxonomy":"post_tag","embeddable":true,"href":"https:\/\/segurancahumana.com.br\/index.php?rest_route=%2Fwp%2Fv2%2Ftags&post=180"}],"curies":[{"name":"wp","href":"https:\/\/api.w.org\/{rel}","templated":true}]}}